{"id":547,"date":"2024-05-08T14:06:17","date_gmt":"2024-05-08T17:06:17","guid":{"rendered":"https:\/\/flowup.agency\/clientes\/lalaferreira\/?p=547"},"modified":"2024-05-08T14:06:17","modified_gmt":"2024-05-08T17:06:17","slug":"lala-ferreira-esta-em-estudio-gravando-material-novo","status":"publish","type":"post","link":"https:\/\/trecheirosbrasil.com.br\/lalaferreira\/lala-ferreira-esta-em-estudio-gravando-material-novo\/","title":{"rendered":"Lal\u00e1 Ferreira est\u00e1 em est\u00fadio gravando material novo"},"content":{"rendered":"<p>A Trecheiros Brasil, agora respons\u00e1vel pela administra\u00e7\u00e3o do renomado cantor Lal\u00e1 Ferreira, tem o prazer de anunciar que ele j\u00e1 est\u00e1 em est\u00fadio, imerso na grava\u00e7\u00e3o de suas mais recentes m\u00fasicas.<\/p>\n<p>Em breve, essas novas composi\u00e7\u00f5es ser\u00e3o lan\u00e7adas, acompanhadas pela t\u00e3o aguardada agenda de shows. Mantenha-se atento para n\u00e3o perder nenhuma novidade.<\/p>\n","protected":false},"excerpt":{"rendered":"<p>A Trecheiros Brasil, agora respons\u00e1vel pela administra\u00e7\u00e3o do renomado cantor Lal\u00e1 Ferreira, tem o prazer de anunciar que ele j\u00e1 est\u00e1 em est\u00fadio, imerso na grava\u00e7\u00e3o de suas mais recentes m\u00fasicas. Em breve, essas novas composi\u00e7\u00f5es ser\u00e3o lan\u00e7adas, acompanhadas pela t\u00e3o aguardada agenda de shows. Mantenha-se atento para n\u00e3o perder nenhuma novidade.<\/p>\n","protected":false},"author":1,"featured_media":548,"comment_status":"open","ping_status":"open","sticky":false,"template":"","format":"standard","meta":{"_acf_changed":false,"footnotes":""},"categories":[1],"tags":[],"class_list":["post-547","post","type-post","status-publish","format-standard","has-post-thumbnail","hentry","category-sem-categoria"],"acf":[],"_links":{"self":[{"href":"https:\/\/trecheirosbrasil.com.br\/lalaferreira\/wp-json\/wp\/v2\/posts\/547","targetHints":{"allow":["GET"]}}],"collection":[{"href":"https:\/\/trecheirosbrasil.com.br\/lalaferreira\/wp-json\/wp\/v2\/posts"}],"about":[{"href":"https:\/\/trecheirosbrasil.com.br\/lalaferreira\/wp-json\/wp\/v2\/types\/post"}],"author":[{"embeddable":true,"href":"https:\/\/trecheirosbrasil.com.br\/lalaferreira\/wp-json\/wp\/v2\/users\/1"}],"replies":[{"embeddable":true,"href":"https:\/\/trecheirosbrasil.com.br\/lalaferreira\/wp-json\/wp\/v2\/comments?post=547"}],"version-history":[{"count":1,"href":"https:\/\/trecheirosbrasil.com.br\/lalaferreira\/wp-json\/wp\/v2\/posts\/547\/revisions"}],"predecessor-version":[{"id":549,"href":"https:\/\/trecheirosbrasil.com.br\/lalaferreira\/wp-json\/wp\/v2\/posts\/547\/revisions\/549"}],"wp:featuredmedia":[{"embeddable":true,"href":"https:\/\/trecheirosbrasil.com.br\/lalaferreira\/wp-json\/wp\/v2\/media\/548"}],"wp:attachment":[{"href":"https:\/\/trecheirosbrasil.com.br\/lalaferreira\/wp-json\/wp\/v2\/media?parent=547"}],"wp:term":[{"taxonomy":"category","embeddable":true,"href":"https:\/\/trecheirosbrasil.com.br\/lalaferreira\/wp-json\/wp\/v2\/categories?post=547"},{"taxonomy":"post_tag","embeddable":true,"href":"https:\/\/trecheirosbrasil.com.br\/lalaferreira\/wp-json\/wp\/v2\/tags?post=547"}],"curies":[{"name":"wp","href":"https:\/\/api.w.org\/{rel}","templated":true}]}}