{"id":529,"date":"2024-04-18T15:03:30","date_gmt":"2024-04-18T18:03:30","guid":{"rendered":"https:\/\/flowup.agency\/lalaferreira\/?p=529"},"modified":"2024-04-18T15:03:30","modified_gmt":"2024-04-18T18:03:30","slug":"cantor-potiguar-lala-ferreira-ex-mastruz-com-leite-assina-com-grande-produtora-nacional","status":"publish","type":"post","link":"https:\/\/trecheirosbrasil.com.br\/lalaferreira\/cantor-potiguar-lala-ferreira-ex-mastruz-com-leite-assina-com-grande-produtora-nacional\/","title":{"rendered":"Cantor Potiguar Lal\u00e1 Ferreira, ex-Mastruz com Leite, Assina com Grande Produtora Nacional"},"content":{"rendered":"<p>O cantor Lal\u00e1 Ferreira, ex-vocalista do Mastruz com Leite e For\u00e7a Livre, agora faz parte do corpo de artistas representados pela produtora Trecheiros Brasil, que passar\u00e1 a gerenciar sua carreira. O cantor expressou sua satisfa\u00e7\u00e3o com essa importante parceria e compartilhou a novidade com seus f\u00e3s atrav\u00e9s das redes sociais. Abaixo, segue o comunicado oficial da Trecheiros Brasil:<\/p>\n<p>&#8220;\u00c9 com imensa alegria que anunciamos que a Trecheiros Brasil assumir\u00e1 a gest\u00e3o da carreira do renomado cantor Lal\u00e1 Ferreira, ex-vocalista da ic\u00f4nica banda de forr\u00f3 Mastruz com Leite. Reconhecemos o talento extraordin\u00e1rio de Lal\u00e1 e estamos confiantes de que essa parceria ser\u00e1 um grande sucesso. Pedimos que fiquem atentos \u00e0s nossas redes sociais para mais informa\u00e7\u00f5es em breve!&#8221;<\/p>\n","protected":false},"excerpt":{"rendered":"<p>O cantor Lal\u00e1 Ferreira, ex-vocalista do Mastruz com Leite e For\u00e7a Livre, agora faz parte do corpo de artistas representados pela produtora Trecheiros Brasil, que passar\u00e1 a gerenciar sua carreira. O cantor expressou sua satisfa\u00e7\u00e3o com essa importante parceria e compartilhou a novidade com seus f\u00e3s atrav\u00e9s das redes sociais. Abaixo, segue o comunicado oficial&#8230;<\/p>\n","protected":false},"author":1,"featured_media":530,"comment_status":"open","ping_status":"open","sticky":false,"template":"","format":"standard","meta":{"_acf_changed":false,"footnotes":""},"categories":[4],"tags":[],"class_list":["post-529","post","type-post","status-publish","format-standard","has-post-thumbnail","hentry","category-novidades"],"acf":[],"_links":{"self":[{"href":"https:\/\/trecheirosbrasil.com.br\/lalaferreira\/wp-json\/wp\/v2\/posts\/529","targetHints":{"allow":["GET"]}}],"collection":[{"href":"https:\/\/trecheirosbrasil.com.br\/lalaferreira\/wp-json\/wp\/v2\/posts"}],"about":[{"href":"https:\/\/trecheirosbrasil.com.br\/lalaferreira\/wp-json\/wp\/v2\/types\/post"}],"author":[{"embeddable":true,"href":"https:\/\/trecheirosbrasil.com.br\/lalaferreira\/wp-json\/wp\/v2\/users\/1"}],"replies":[{"embeddable":true,"href":"https:\/\/trecheirosbrasil.com.br\/lalaferreira\/wp-json\/wp\/v2\/comments?post=529"}],"version-history":[{"count":1,"href":"https:\/\/trecheirosbrasil.com.br\/lalaferreira\/wp-json\/wp\/v2\/posts\/529\/revisions"}],"predecessor-version":[{"id":531,"href":"https:\/\/trecheirosbrasil.com.br\/lalaferreira\/wp-json\/wp\/v2\/posts\/529\/revisions\/531"}],"wp:featuredmedia":[{"embeddable":true,"href":"https:\/\/trecheirosbrasil.com.br\/lalaferreira\/wp-json\/wp\/v2\/media\/530"}],"wp:attachment":[{"href":"https:\/\/trecheirosbrasil.com.br\/lalaferreira\/wp-json\/wp\/v2\/media?parent=529"}],"wp:term":[{"taxonomy":"category","embeddable":true,"href":"https:\/\/trecheirosbrasil.com.br\/lalaferreira\/wp-json\/wp\/v2\/categories?post=529"},{"taxonomy":"post_tag","embeddable":true,"href":"https:\/\/trecheirosbrasil.com.br\/lalaferreira\/wp-json\/wp\/v2\/tags?post=529"}],"curies":[{"name":"wp","href":"https:\/\/api.w.org\/{rel}","templated":true}]}}